[{"@context":"https:\/\/schema.org\/","@type":"Article","@id":"https:\/\/www.harsa.cz\/sport-mych-deti\/#Article","mainEntityOfPage":"https:\/\/www.harsa.cz\/sport-mych-deti\/","headline":"Sport m\u00fdch d\u011bt\u00ed","name":"Sport m\u00fdch d\u011bt\u00ed","description":"Kolikr\u00e1t jsem si \u0159\u00edkala, \u017ee je opravdu velik\u00e1 \u0161koda, \u017ee\u00a0moje d\u011bti v\u016fbec necht\u011bj\u00ed sportovat. Pro\u010d\u00a0d\u011bti necht\u011bj\u00ed sportovat? To nev\u00edm, je to sm\u016fla.\u00a0Kdy\u017e j\u00e1 se sv\u00fdm man\u017eelem sportujeme opravdu hodn\u011b, dokonce i moje m\u00e1ma, tak pro\u010d n\u011b moje d\u011bti?\u00a0A tak\u00e9 m\u016fj otec moc r\u00e1d\u00a0sportoval.\u00a0A\u00a0sportovali opravdu hodn\u011b. Oni sport milovali, proto\u017ee m\u016fj otec d\u0159\u00edve hr\u00e1l kriket. A\u00a0na [&hellip;]","datePublished":"2023-07-24","dateModified":"2023-07-24","author":{"@type":"Person","@id":"https:\/\/www.harsa.cz\/author\/#Person","name":"harsa.cz","url":"https:\/\/www.harsa.cz\/author\/","identifier":1,"image":{"@type":"ImageObject","@id":"https:\/\/secure.gravatar.com\/avatar\/4c6f4cec51e1a1b20d9361c6367b917eb8db239c023f88502d2833b745a358d4?s=96&d=mm&r=g","url":"https:\/\/secure.gravatar.com\/avatar\/4c6f4cec51e1a1b20d9361c6367b917eb8db239c023f88502d2833b745a358d4?s=96&d=mm&r=g","height":96,"width":96}},"publisher":{"@type":"Organization","name":"harsa.cz","logo":{"@type":"ImageObject","@id":"\/logo.png","url":"\/logo.png","width":600,"height":60}},"image":{"@type":"ImageObject","@id":"https:\/\/www.harsa.cz\/wp-content\/uploads\/skates-2001796_1280.jpg","url":"https:\/\/www.harsa.cz\/wp-content\/uploads\/skates-2001796_1280.jpg","height":0,"width":0},"url":"https:\/\/www.harsa.cz\/sport-mych-deti\/","about":["Sport"],"wordCount":470,"articleBody":"Kolikr\u00e1t jsem si \u0159\u00edkala, \u017ee je opravdu velik\u00e1 \u0161koda, \u017ee\u00a0moje d\u011bti v\u016fbec necht\u011bj\u00ed sportovat. Pro\u010d\u00a0d\u011bti necht\u011bj\u00ed sportovat? To nev\u00edm, je to sm\u016fla.\u00a0Kdy\u017e j\u00e1 se sv\u00fdm man\u017eelem sportujeme opravdu hodn\u011b, dokonce i moje m\u00e1ma, tak pro\u010d n\u011b moje d\u011bti?\u00a0A tak\u00e9 m\u016fj otec moc r\u00e1d\u00a0sportoval.\u00a0A\u00a0sportovali opravdu hodn\u011b. Oni sport milovali, proto\u017ee m\u016fj otec d\u0159\u00edve hr\u00e1l kriket. A\u00a0na z\u00e1kladn\u00ed \u0161kole byl nejlep\u0161\u00ed, tak\u017ee jsem si \u0159ekla, \u017ee kdy\u017e rodi\u010de tohle hr\u00e1li, \u017ee vlastn\u011b budou m\u00edt takov\u00e9 geny \u00fapln\u011b v\u0161ichni, a to v\u010detn\u011b m\u00fdch d\u011bt\u00ed. Jenom\u017ee bohu\u017eel tohle se v\u016fbec nestalo a \u0159eknu v\u00e1m, \u017ee jsem z toho byla opravdu hodn\u011b vykolejen\u00e1. Pro\u010d se tohle muselo st\u00e1t m\u011b? Ka\u017ed\u00fd sport je opravdu prima s t\u00edm, jak jsem kolikr\u00e1t sv\u00e9 d\u011bti tak\u00e9 pokou\u0161ela p\u0159emluvit, aby t\u0159eba \u0161ly s n\u00e1mi si zahr\u00e1t kriket\u00a0anebo aby se alespo\u0148 d\u00edvali. Cht\u011bla jsem tak\u00e9 dceru zapsat do krou\u017eku, kde bych jezdila na kon\u011b, proto\u017ee mi uka\u017ete n\u011bjakou mladou holku, kter\u00e1 by \u0159ekla, \u017ee by j\u00ed nebavili kon\u011b. J\u00e1 si mysl\u00edm, \u017ee pr\u00e1v\u011b ka\u017ed\u00e1 mal\u00e1\u00a0mlad\u00e1 holka by si p\u0159\u00e1la, aby mohla jezdit na koni, aby mohla\u00a0chodit do krou\u017ek\u016f, kde jsou kon\u011b anebo t\u0159eba do krou\u017eku, kde se lid\u00e9 staraj\u00ed o zv\u00ed\u0159ata. Bohu\u017eel, tohle mi\u00a0tak\u00e9 nepro\u0161lo. Byla jsem opravdu z toho p\u0159ekvapen\u00e1. Nech\u00e1pala jsem, jak moje d\u011bti nemohou m\u00edt r\u00e1di zv\u00ed\u0159ata a \u017ee t\u0159eba je tak\u00e9 nel\u00e1k\u00e1 sport.A to j\u00edzda na koni. Bylo to opravdu divn\u00e9. Jedin\u00e9, co ob\u010das zaj\u00edmalo, tak byla j\u00edzda na kole, proto\u017ee kdy\u017e jsem je necht\u011bla vozit autem, tak d\u011bti jednozna\u010dn\u011b musely\u00a0nasednout na kolo anebo na kolob\u011b\u017eku, aby se dostaly z m\u00edsta na m\u00edsto. Z\u00a0m\u00edsta A\u00a0do bodu B. A na\u0161t\u011bst\u00ed,\u00a0asi kdy\u017e m\u00e9 dce\u0159i bylo jeden\u00e1ct\u00a0let, tak j\u00ed chytl sport, a to hlavn\u011b kole\u010dkov\u00e9 brusle. V zim\u011b jezdila na ledn\u00edch brusl\u00edch a v\u00a0l\u00e9t\u011b na letn\u00edch kole\u010dkov\u00fdch brusl\u00edch, proto\u017ee ona si na\u0161la potom ve \u0161kole kamar\u00e1dku, kter\u00e1 hodn\u011b sportovala\u00a0a jezdila moc r\u00e1da na kole\u010dkov\u00fdch brusl\u00edch. Ani nev\u00edte, jak jsem byla r\u00e1da tu kamar\u00e1dku.\u00a0M\u011b\u00a0snad ji nebe poslalo, tak\u017ee jsem byla r\u00e1da, \u017ee m\u00e1 teda za\u010dala sportovat a mus\u00edm uznat, \u017ee v tom je dobr\u00e1 a \u017ee tak\u00e9 \u0159\u00edkala, pro\u010d neza\u010dala sportovat d\u0159\u00edve.\u00a0\u00a0                                                                                                                                                                                                                                                                                                                                                                                        4.5\/5 - (2 votes)        "},{"@context":"https:\/\/schema.org\/","@type":"BreadcrumbList","itemListElement":[{"@type":"ListItem","position":1,"name":"Sport m\u00fdch d\u011bt\u00ed","item":"https:\/\/www.harsa.cz\/sport-mych-deti\/#breadcrumbitem"}]}]