[{"@context":"https:\/\/schema.org\/","@type":"Article","@id":"https:\/\/www.harsa.cz\/cestovani-je-i-neni-problem\/#Article","mainEntityOfPage":"https:\/\/www.harsa.cz\/cestovani-je-i-neni-problem\/","headline":"Cestov\u00e1n\u00ed je i nen\u00ed probl\u00e9m","name":"Cestov\u00e1n\u00ed je i nen\u00ed probl\u00e9m","description":"Kdy\u017e se pod\u00edv\u00e1me na to, kolik na\u0161inc\u016f u\u017e n\u011bkdy bylo n\u011bkde za hranicemi na\u0161\u00ed zem\u011b, dalo by se konstatovat, \u017ee pro na\u0161ince nen\u00ed \u017e\u00e1dn\u00fd probl\u00e9m cestovat. Proto\u017ee kdyby to probl\u00e9m byl, nebylo by mezi n\u00e1mi tolik t\u011bch, je\u017e od cest do d\u00e1lav odradil snad jedin\u011b onen proklat\u00fd koronavirus v\u00a0ned\u00e1vn\u00e9 dob\u011b. Jen\u017ee stejn\u011b jako m\u016f\u017eeme tvrdit, [&hellip;]","datePublished":"2022-03-28","dateModified":"2023-05-05","author":{"@type":"Person","@id":"https:\/\/www.harsa.cz\/author\/#Person","name":"harsa.cz","url":"https:\/\/www.harsa.cz\/author\/","identifier":1,"image":{"@type":"ImageObject","@id":"https:\/\/secure.gravatar.com\/avatar\/4c6f4cec51e1a1b20d9361c6367b917eb8db239c023f88502d2833b745a358d4?s=96&d=mm&r=g","url":"https:\/\/secure.gravatar.com\/avatar\/4c6f4cec51e1a1b20d9361c6367b917eb8db239c023f88502d2833b745a358d4?s=96&d=mm&r=g","height":96,"width":96}},"publisher":{"@type":"Organization","name":"harsa.cz","logo":{"@type":"ImageObject","@id":"\/logo.png","url":"\/logo.png","width":600,"height":60}},"image":{"@type":"ImageObject","@id":"https:\/\/www.harsa.cz\/wp-content\/uploads\/sea-4841142_960_720_1.jpg","url":"https:\/\/www.harsa.cz\/wp-content\/uploads\/sea-4841142_960_720_1.jpg","height":0,"width":0},"url":"https:\/\/www.harsa.cz\/cestovani-je-i-neni-problem\/","about":["Cestov\u00e1n\u00ed"],"wordCount":406,"articleBody":"Kdy\u017e se pod\u00edv\u00e1me na to, kolik na\u0161inc\u016f u\u017e n\u011bkdy bylo n\u011bkde za hranicemi na\u0161\u00ed zem\u011b, dalo by se konstatovat, \u017ee pro na\u0161ince nen\u00ed \u017e\u00e1dn\u00fd probl\u00e9m cestovat. Proto\u017ee kdyby to probl\u00e9m byl, nebylo by mezi n\u00e1mi tolik t\u011bch, je\u017e od cest do d\u00e1lav odradil snad jedin\u011b onen proklat\u00fd koronavirus v\u00a0ned\u00e1vn\u00e9 dob\u011b.Jen\u017ee stejn\u011b jako m\u016f\u017eeme tvrdit, \u017ee pro na\u0161ince nen\u00ed probl\u00e9m cestovat, si mus\u00edme p\u0159iznat, \u017ee i my probl\u00e9my s\u00a0cestov\u00e1n\u00edm m\u00e1me. Jenom tyto nejsou (a\u017e tak docela) na na\u0161\u00ed stran\u011b. Proto\u017ee vezmete-li si kup\u0159\u00edkladu takov\u00e9 cestov\u00e1n\u00ed do Afriky, z\u00e1hy pochop\u00edte, jak slo\u017eit\u00e9 to tam pro na\u0161ince je.Sever tohoto kontinentu je pro na\u0161ince samoz\u0159ejm\u011b dostupn\u00fd vcelku snadno, to je zn\u00e1m\u00e1 v\u011bc. Jen\u017e tady jde jenom o n\u011bkolik zem\u00ed, je\u017e se staly pro na\u0161ince u\u017e zprofanovan\u00fdmi turistick\u00fdmi destinacemi. Kde \u010dlov\u011bk neza\u017eije po\u0159\u00e1dn\u00e9 cestov\u00e1n\u00ed, proto\u017ee tu b\u00fdv\u00e1 zav\u0159en v\u00a0letovisc\u00edch a vl\u00e1\u010den po organizovan\u00fdch z\u00e1jezdech a v\u00fdletech v\u00a0doprovodu na\u0161inc\u016f a lid\u00ed n\u00e1m bl\u00edzk\u00fdch. A to nen\u00ed ono.A d\u00e1l od n\u00e1s sm\u011brem na jih, ve st\u0159edu Afriky? Tam u\u017e se na\u0161inec vesm\u011bs nevyprav\u00ed. Proto\u017ee zabrous\u00edte-li na str\u00e1nky ministerstva zahrani\u010d\u00ed, zjist\u00edte, \u017ee tam nen\u00ed o co st\u00e1t. Jednou se obt\u00ed\u017en\u011b a jindy pochybn\u011b z\u00edsk\u00e1v\u00e1 v\u00edzum, jednou se vym\u00e1haj\u00ed nep\u0159im\u011b\u0159en\u00e9 platby a \u00faplatky, jednou tam nefunguje ta a jindy ona slu\u017eba a n\u011bkdy t\u0159eba tak\u00e9 skoro nic. Na mnoha m\u00edstech tam maj\u00ed hodn\u011b odporn\u00e9 choroby, v\u0161ude hroz\u00ed kriminalita a leckde i nep\u0159edv\u00eddateln\u00e9 teroristick\u00e9 \u00fatoky. A o n\u00edzk\u00e9m standardu turistick\u00e9 infrastruktury, pokud tam tato v\u016fbec existuje, ani nemluv\u011b. A a\u017e po jih \u010dern\u00e9ho kontinentu to nen\u00ed lep\u0161\u00ed.A tak se sice bl\u00ed\u017e\u00ed jarn\u00ed pr\u00e1zdniny, ale j\u00e1 je zase prosed\u00edm doma. Proto\u017ee se na t\u011bch p\u00e1r dn\u00ed nevyplat\u00ed let\u011bt a\u017e do Ji\u017en\u00ed Afriky a zbytek Afriky jaksi nep\u0159ich\u00e1z\u00ed v\u00a0\u00favahu. Dokud tamn\u00ed re\u017eimy a lid\u00e9 nepochop\u00ed, \u017ee je turistick\u00fd ruch skv\u011bl\u00fd byznys, d\u00edky kter\u00e9mu by tam nemusela b\u00fdt takov\u00e1 b\u00edda.                                                                                                                                                                                                                                                                                                                                                                                        4\/5 - (6 votes)        "},{"@context":"https:\/\/schema.org\/","@type":"BreadcrumbList","itemListElement":[{"@type":"ListItem","position":1,"name":"Cestov\u00e1n\u00ed je i nen\u00ed probl\u00e9m","item":"https:\/\/www.harsa.cz\/cestovani-je-i-neni-problem\/#breadcrumbitem"}]}]